{"id":21786,"date":"2024-03-05T13:02:47","date_gmt":"2024-03-05T12:02:47","guid":{"rendered":"https:\/\/spgalew.brudzew.pl\/?p=21786"},"modified":"2024-03-05T13:02:47","modified_gmt":"2024-03-05T12:02:47","slug":"tydzien-z-dinozaurami","status":"publish","type":"post","link":"https:\/\/spgalew.brudzew.pl\/?p=21786","title":{"rendered":"TYDZIE\u0143 Z DINOZAURAMI"},"content":{"rendered":"<p>Cho\u0107 dinozaury dawno ju\u017c wygin\u0119\u0142y to nie przestaj\u0105 fascynowa\u0107 ludzi. \u015awi\u0119to tych prehistorycznych stworze\u0144 obchodzone jest <strong>26 lutego<\/strong> w ramach \u015awiatowego Dnia Dinozaura. Z tej okazji w naszym przedszkolu zorganizowali\u015bmy Tydzie\u0144 z Dinozaurami. Ka\u017cdego dnia odkrywali\u015bmy coraz wi\u0119cej fakt\u00f3w zwi\u0105zanych z \u017cyciem tych fascynuj\u0105cych stworze\u0144. Odkrywali\u015bmy liter\u0119 Z, \u0107wiczyli\u015bmy matematyk\u0119. Zamienili\u015bmy si\u0119 r\u00f3wnie\u017c w paleontolog\u00f3w i szukali\u015bmy szcz\u0105tk\u00f3w dinozaur\u00f3w. Ka\u017cdego dnia wykonywali\u015bmy prace plastyczne w tematyce dinozaur\u00f3w. To by\u0142 bardzo radosny tydzie\u0144 dla naszych przedszkolak\u00f3w.<\/p>\n<p style=\"text-align: right;\">Agnieszka Lewandowska<\/p>\nngg_shortcode_0_placeholder\n","protected":false},"excerpt":{"rendered":"<p>Cho\u0107 dinozaury dawno ju\u017c wygin\u0119\u0142y to nie przestaj\u0105 fascynowa\u0107 ludzi. \u015awi\u0119to tych prehistorycznych stworze\u0144 obchodzone jest 26 lutego w ramach \u015awiatowego Dnia Dinozaura. Z tej&hellip;<\/p>\n","protected":false},"author":3,"featured_media":21787,"comment_status":"closed","ping_status":"closed","sticky":false,"template":"","format":"standard","meta":{"ngg_post_thumbnail":0,"footnotes":""},"categories":[1],"tags":[],"class_list":["post-21786","post","type-post","status-publish","format-standard","has-post-thumbnail","hentry","category-wiadomosci"],"_links":{"self":[{"href":"https:\/\/spgalew.brudzew.pl\/index.php?rest_route=\/wp\/v2\/posts\/21786","targetHints":{"allow":["GET"]}}],"collection":[{"href":"https:\/\/spgalew.brudzew.pl\/index.php?rest_route=\/wp\/v2\/posts"}],"about":[{"href":"https:\/\/spgalew.brudzew.pl\/index.php?rest_route=\/wp\/v2\/types\/post"}],"author":[{"embeddable":true,"href":"https:\/\/spgalew.brudzew.pl\/index.php?rest_route=\/wp\/v2\/users\/3"}],"replies":[{"embeddable":true,"href":"https:\/\/spgalew.brudzew.pl\/index.php?rest_route=%2Fwp%2Fv2%2Fcomments&post=21786"}],"version-history":[{"count":1,"href":"https:\/\/spgalew.brudzew.pl\/index.php?rest_route=\/wp\/v2\/posts\/21786\/revisions"}],"predecessor-version":[{"id":21899,"href":"https:\/\/spgalew.brudzew.pl\/index.php?rest_route=\/wp\/v2\/posts\/21786\/revisions\/21899"}],"wp:featuredmedia":[{"embeddable":true,"href":"https:\/\/spgalew.brudzew.pl\/index.php?rest_route=\/wp\/v2\/media\/21787"}],"wp:attachment":[{"href":"https:\/\/spgalew.brudzew.pl\/index.php?rest_route=%2Fwp%2Fv2%2Fmedia&parent=21786"}],"wp:term":[{"taxonomy":"category","embeddable":true,"href":"https:\/\/spgalew.brudzew.pl\/index.php?rest_route=%2Fwp%2Fv2%2Fcategories&post=21786"},{"taxonomy":"post_tag","embeddable":true,"href":"https:\/\/spgalew.brudzew.pl\/index.php?rest_route=%2Fwp%2Fv2%2Ftags&post=21786"}],"curies":[{"name":"wp","href":"https:\/\/api.w.org\/{rel}","templated":true}]}}