{"id":25964,"date":"2024-06-05T14:42:43","date_gmt":"2024-06-05T12:42:43","guid":{"rendered":"https:\/\/spgalew.brudzew.pl\/?p=25964"},"modified":"2024-06-05T14:42:43","modified_gmt":"2024-06-05T12:42:43","slug":"dzien-dziecka-u-przedszkolakow","status":"publish","type":"post","link":"https:\/\/spgalew.brudzew.pl\/?p=25964","title":{"rendered":"DZIE\u0143 DZIECKA U PRZEDSZKOLAK\u00d3W"},"content":{"rendered":"<p>Dzie\u0144 Dziecka to jeden z najrado\u015bniejszych dni, na kt\u00f3ry czekaj\u0105 m\u0142odsze i starsze dzieci. Tego dnia spotkali\u015bmy si\u0119 wsp\u00f3lnie u naszych koleg\u00f3w i kole\u017canek z oddzia\u0142\u00f3w przedszkolnych w Chrz\u0105blicach. By\u0142 to dzie\u0144 wyj\u0105tkowy, pe\u0142en \u017cycze\u0144, u\u015bmiech\u00f3w, rado\u015bci i niespodzianek. Od rana panowa\u0142a radosna atmosfera, a na przedszkolak\u00f3w czeka\u0142o wiele atrakcji.<br \/>\nZapraszamy do obejrzenia galerii zdj\u0119\u0107 z tego radosnego wydarzenia.<\/p>\n<p style=\"text-align: right;\">Agnieszka Lewandowska<\/p>\nngg_shortcode_0_placeholder\n","protected":false},"excerpt":{"rendered":"<p>Dzie\u0144 Dziecka to jeden z najrado\u015bniejszych dni, na kt\u00f3ry czekaj\u0105 m\u0142odsze i starsze dzieci. Tego dnia spotkali\u015bmy si\u0119 wsp\u00f3lnie u naszych koleg\u00f3w i kole\u017canek z&hellip;<\/p>\n","protected":false},"author":3,"featured_media":25965,"comment_status":"closed","ping_status":"closed","sticky":false,"template":"","format":"standard","meta":{"ngg_post_thumbnail":0,"footnotes":""},"categories":[1],"tags":[],"class_list":["post-25964","post","type-post","status-publish","format-standard","has-post-thumbnail","hentry","category-wiadomosci"],"_links":{"self":[{"href":"https:\/\/spgalew.brudzew.pl\/index.php?rest_route=\/wp\/v2\/posts\/25964","targetHints":{"allow":["GET"]}}],"collection":[{"href":"https:\/\/spgalew.brudzew.pl\/index.php?rest_route=\/wp\/v2\/posts"}],"about":[{"href":"https:\/\/spgalew.brudzew.pl\/index.php?rest_route=\/wp\/v2\/types\/post"}],"author":[{"embeddable":true,"href":"https:\/\/spgalew.brudzew.pl\/index.php?rest_route=\/wp\/v2\/users\/3"}],"replies":[{"embeddable":true,"href":"https:\/\/spgalew.brudzew.pl\/index.php?rest_route=%2Fwp%2Fv2%2Fcomments&post=25964"}],"version-history":[{"count":1,"href":"https:\/\/spgalew.brudzew.pl\/index.php?rest_route=\/wp\/v2\/posts\/25964\/revisions"}],"predecessor-version":[{"id":26148,"href":"https:\/\/spgalew.brudzew.pl\/index.php?rest_route=\/wp\/v2\/posts\/25964\/revisions\/26148"}],"wp:featuredmedia":[{"embeddable":true,"href":"https:\/\/spgalew.brudzew.pl\/index.php?rest_route=\/wp\/v2\/media\/25965"}],"wp:attachment":[{"href":"https:\/\/spgalew.brudzew.pl\/index.php?rest_route=%2Fwp%2Fv2%2Fmedia&parent=25964"}],"wp:term":[{"taxonomy":"category","embeddable":true,"href":"https:\/\/spgalew.brudzew.pl\/index.php?rest_route=%2Fwp%2Fv2%2Fcategories&post=25964"},{"taxonomy":"post_tag","embeddable":true,"href":"https:\/\/spgalew.brudzew.pl\/index.php?rest_route=%2Fwp%2Fv2%2Ftags&post=25964"}],"curies":[{"name":"wp","href":"https:\/\/api.w.org\/{rel}","templated":true}]}}