{"id":28359,"date":"2024-10-07T13:42:20","date_gmt":"2024-10-07T11:42:20","guid":{"rendered":"https:\/\/spgalew.brudzew.pl\/?p=28359"},"modified":"2024-10-07T13:57:31","modified_gmt":"2024-10-07T11:57:31","slug":"dzien-zwierzat","status":"publish","type":"post","link":"https:\/\/spgalew.brudzew.pl\/?p=28359","title":{"rendered":"DZIE\u0143 ZWIERZ\u0104T"},"content":{"rendered":"<p>W pi\u0105tek 4 pa\u017adziernika maluszki z Chrz\u0105blic obchodzi\u0142y \u015awiatowy Dzie\u0144 Zwierz\u0105t. Celem zaj\u0119\u0107 by\u0142o u\u015bwiadomienie przedszkolakom, \u017ce zwierz\u0119ta, to istoty, kt\u00f3re potrafi\u0105 czu\u0107 i o kt\u00f3re nale\u017cy dba\u0107, bo cz\u0119sto potrzebuj\u0105 naszej pomocy. Dzieci s\u0142ucha\u0142y i odgadywa\u0142y odg\u0142osy zwierz\u0105t, a tak\u017ce rozwi\u0105zywa\u0142y zagadki &nbsp;o zwierz\u0119tach, uczestniczy\u0142y w zabawach ruchowych, kt\u00f3rych tematem przewodnim by\u0142y zwierz\u0119ta. Przedszkolaki bardzo ch\u0119tnie opowiada\u0142y o tym, w jaki spos\u00f3b opiekuj\u0105 si\u0119 zwierz\u0105tkami, kt\u00f3re maj\u0105 w swoich domach.<\/p>\nngg_shortcode_0_placeholder\n","protected":false},"excerpt":{"rendered":"<p>W pi\u0105tek 4 pa\u017adziernika maluszki z Chrz\u0105blic obchodzi\u0142y \u015awiatowy Dzie\u0144 Zwierz\u0105t. Celem zaj\u0119\u0107 by\u0142o u\u015bwiadomienie przedszkolakom, \u017ce zwierz\u0119ta, to istoty, kt\u00f3re potrafi\u0105 czu\u0107 i o&hellip;<\/p>\n","protected":false},"author":2,"featured_media":28382,"comment_status":"closed","ping_status":"closed","sticky":false,"template":"","format":"standard","meta":{"ngg_post_thumbnail":0,"footnotes":""},"categories":[1],"tags":[],"class_list":["post-28359","post","type-post","status-publish","format-standard","has-post-thumbnail","hentry","category-wiadomosci"],"_links":{"self":[{"href":"https:\/\/spgalew.brudzew.pl\/index.php?rest_route=\/wp\/v2\/posts\/28359","targetHints":{"allow":["GET"]}}],"collection":[{"href":"https:\/\/spgalew.brudzew.pl\/index.php?rest_route=\/wp\/v2\/posts"}],"about":[{"href":"https:\/\/spgalew.brudzew.pl\/index.php?rest_route=\/wp\/v2\/types\/post"}],"author":[{"embeddable":true,"href":"https:\/\/spgalew.brudzew.pl\/index.php?rest_route=\/wp\/v2\/users\/2"}],"replies":[{"embeddable":true,"href":"https:\/\/spgalew.brudzew.pl\/index.php?rest_route=%2Fwp%2Fv2%2Fcomments&post=28359"}],"version-history":[{"count":1,"href":"https:\/\/spgalew.brudzew.pl\/index.php?rest_route=\/wp\/v2\/posts\/28359\/revisions"}],"predecessor-version":[{"id":28383,"href":"https:\/\/spgalew.brudzew.pl\/index.php?rest_route=\/wp\/v2\/posts\/28359\/revisions\/28383"}],"wp:featuredmedia":[{"embeddable":true,"href":"https:\/\/spgalew.brudzew.pl\/index.php?rest_route=\/wp\/v2\/media\/28382"}],"wp:attachment":[{"href":"https:\/\/spgalew.brudzew.pl\/index.php?rest_route=%2Fwp%2Fv2%2Fmedia&parent=28359"}],"wp:term":[{"taxonomy":"category","embeddable":true,"href":"https:\/\/spgalew.brudzew.pl\/index.php?rest_route=%2Fwp%2Fv2%2Fcategories&post=28359"},{"taxonomy":"post_tag","embeddable":true,"href":"https:\/\/spgalew.brudzew.pl\/index.php?rest_route=%2Fwp%2Fv2%2Ftags&post=28359"}],"curies":[{"name":"wp","href":"https:\/\/api.w.org\/{rel}","templated":true}]}}