{"id":44167,"date":"2026-01-26T12:42:41","date_gmt":"2026-01-26T11:42:41","guid":{"rendered":"https:\/\/spgalew.brudzew.pl\/?p=44167"},"modified":"2026-01-27T14:20:40","modified_gmt":"2026-01-27T13:20:40","slug":"34-final-wosp","status":"publish","type":"post","link":"https:\/\/spgalew.brudzew.pl\/?p=44167","title":{"rendered":"34 Fina\u0142 WO\u015aP"},"content":{"rendered":"<p>W niedziel\u0119 25 stycznia&nbsp;&nbsp;2026 r. na rzecz Wielkiej Orkiestry \u015awi\u0105tecznej Pomocy kwestowali: Jakub Jasnowski, Milena Bukowska, Dominika Ptasi\u0144ska, Teresa Cegielska. Naszym wolontariuszom uda\u0142o si\u0119 zebra\u0107 3941,32 z\u0142. W sumie nasza szko\u0142a przekaza\u0142a do Sztabu WO\u015aP w Brudzewie kwot\u0119 4884,82 z\u0142. Podczas fina\u0142u, kt\u00f3ry odby\u0142 si\u0119 w Gminnej Hali Sportowej w Brudzewie, wyst\u0105pi\u0142y dzieci z oddzia\u0142u przedszkolnego w Chrz\u0105blicach w ta\u0144cu do piosenki \u201eCicho, cicho na paluszkach\u201d. Natalia S\u0119k z klasy pi\u0105tej za\u015bpiewa\u0142a utw\u00f3r \u201eWrzu\u0107 na luz\u201d, a nast\u0119pnie w duecie z Katarzyn\u0105 Gryglewsk\u0105 wykona\u0142y piosenk\u0119 \u201eNie b\u00f3j si\u0119 chcie\u0107\u201d.&nbsp;<br \/>\nDzi\u0119kujemy z ca\u0142ego serca wolontariuszom i wszystkim, kt\u00f3rzy zaanga\u017cowali si\u0119 w 34. Fina\u0142 WO\u015aP w naszej szkole.<\/p>\n<p>Dzi\u0119kujemy r\u00f3wnie\u017c za ogromne zaanga\u017cowanie OSP Galew podczas niedzielnej zbi\u00f3rki.<\/p>\n<p>Do zobaczenia za rok! Dzi\u0119kujemy! \ud83d\udc95<\/p>\n<p>ngg_shortcode_0_placeholder<div style=\"width: 843px;\" class=\"wp-video\"><video class=\"wp-video-shortcode\" id=\"video-44167-1\" width=\"843\" height=\"474\" preload=\"metadata\" controls=\"controls\"><source type=\"video\/mp4\" src=\"https:\/\/spgalew.brudzew.pl\/wp-content\/uploads\/2026\/01\/e543b595-7192-40f2-9910-9e3543a086ad.mp4?_=1\" \/><a href=\"https:\/\/spgalew.brudzew.pl\/wp-content\/uploads\/2026\/01\/e543b595-7192-40f2-9910-9e3543a086ad.mp4\">https:\/\/spgalew.brudzew.pl\/wp-content\/uploads\/2026\/01\/e543b595-7192-40f2-9910-9e3543a086ad.mp4<\/a><\/video><\/div><\/p>\n<div style=\"width: 843px;\" class=\"wp-video\"><video class=\"wp-video-shortcode\" id=\"video-44167-2\" width=\"843\" height=\"474\" preload=\"metadata\" controls=\"controls\"><source type=\"video\/mp4\" src=\"https:\/\/spgalew.brudzew.pl\/wp-content\/uploads\/2026\/01\/9fdcbcb7-7f10-4639-b0e5-9726d6d15274.mp4?_=2\" \/><a href=\"https:\/\/spgalew.brudzew.pl\/wp-content\/uploads\/2026\/01\/9fdcbcb7-7f10-4639-b0e5-9726d6d15274.mp4\">https:\/\/spgalew.brudzew.pl\/wp-content\/uploads\/2026\/01\/9fdcbcb7-7f10-4639-b0e5-9726d6d15274.mp4<\/a><\/video><\/div>\n<div style=\"width: 843px;\" class=\"wp-video\"><video class=\"wp-video-shortcode\" id=\"video-44167-3\" width=\"843\" height=\"474\" preload=\"metadata\" controls=\"controls\"><source type=\"video\/mp4\" src=\"https:\/\/spgalew.brudzew.pl\/wp-content\/uploads\/2026\/01\/468f0eaa-9b67-4af1-857f-18ed27b0c341.mp4?_=3\" \/><a href=\"https:\/\/spgalew.brudzew.pl\/wp-content\/uploads\/2026\/01\/468f0eaa-9b67-4af1-857f-18ed27b0c341.mp4\">https:\/\/spgalew.brudzew.pl\/wp-content\/uploads\/2026\/01\/468f0eaa-9b67-4af1-857f-18ed27b0c341.mp4<\/a><\/video><\/div>\n","protected":false},"excerpt":{"rendered":"<p>W niedziel\u0119 25 stycznia&nbsp;&nbsp;2026 r. na rzecz Wielkiej Orkiestry \u015awi\u0105tecznej Pomocy kwestowali: Jakub Jasnowski, Milena Bukowska, Dominika Ptasi\u0144ska, Teresa Cegielska. Naszym wolontariuszom uda\u0142o si\u0119 zebra\u0107&hellip;<\/p>\n","protected":false},"author":3,"featured_media":44168,"comment_status":"closed","ping_status":"closed","sticky":false,"template":"","format":"standard","meta":{"ngg_post_thumbnail":0,"footnotes":""},"categories":[1],"tags":[],"class_list":["post-44167","post","type-post","status-publish","format-standard","has-post-thumbnail","hentry","category-wiadomosci"],"_links":{"self":[{"href":"https:\/\/spgalew.brudzew.pl\/index.php?rest_route=\/wp\/v2\/posts\/44167","targetHints":{"allow":["GET"]}}],"collection":[{"href":"https:\/\/spgalew.brudzew.pl\/index.php?rest_route=\/wp\/v2\/posts"}],"about":[{"href":"https:\/\/spgalew.brudzew.pl\/index.php?rest_route=\/wp\/v2\/types\/post"}],"author":[{"embeddable":true,"href":"https:\/\/spgalew.brudzew.pl\/index.php?rest_route=\/wp\/v2\/users\/3"}],"replies":[{"embeddable":true,"href":"https:\/\/spgalew.brudzew.pl\/index.php?rest_route=%2Fwp%2Fv2%2Fcomments&post=44167"}],"version-history":[{"count":2,"href":"https:\/\/spgalew.brudzew.pl\/index.php?rest_route=\/wp\/v2\/posts\/44167\/revisions"}],"predecessor-version":[{"id":44188,"href":"https:\/\/spgalew.brudzew.pl\/index.php?rest_route=\/wp\/v2\/posts\/44167\/revisions\/44188"}],"wp:featuredmedia":[{"embeddable":true,"href":"https:\/\/spgalew.brudzew.pl\/index.php?rest_route=\/wp\/v2\/media\/44168"}],"wp:attachment":[{"href":"https:\/\/spgalew.brudzew.pl\/index.php?rest_route=%2Fwp%2Fv2%2Fmedia&parent=44167"}],"wp:term":[{"taxonomy":"category","embeddable":true,"href":"https:\/\/spgalew.brudzew.pl\/index.php?rest_route=%2Fwp%2Fv2%2Fcategories&post=44167"},{"taxonomy":"post_tag","embeddable":true,"href":"https:\/\/spgalew.brudzew.pl\/index.php?rest_route=%2Fwp%2Fv2%2Ftags&post=44167"}],"curies":[{"name":"wp","href":"https:\/\/api.w.org\/{rel}","templated":true}]}}