{"id":44993,"date":"2026-02-12T13:35:48","date_gmt":"2026-02-12T12:35:48","guid":{"rendered":"https:\/\/spgalew.brudzew.pl\/?p=44993"},"modified":"2026-03-09T13:44:39","modified_gmt":"2026-03-09T12:44:39","slug":"innowacja-pedagogiczna-aktywne-pory-roku-zima","status":"publish","type":"post","link":"https:\/\/spgalew.brudzew.pl\/?p=44993","title":{"rendered":"Innowacja pedagogiczna \u201eAktywne pory roku &#8211; zima\u201d"},"content":{"rendered":"<p>W\u0142a\u015bnie aktywnie zako\u0144czyli\u015bmy kolejny etap innowacji pedagogicznej \u2013ZIMA. Celem tej innowacji jest wspieranie wszechstronnego rozwoju dzieci poprze ruch, do\u015bwiadczenie i bezpo\u015bredni kontakt z przyrod\u0105. Zim\u0105 skupiamy si\u0119 na odkrywaniu urok\u00f3w tej pory roku<br \/>\nw spos\u00f3b bezpieczny, radosny i aktywny.<\/p>\nngg_shortcode_0_placeholder\n","protected":false},"excerpt":{"rendered":"<p>W\u0142a\u015bnie aktywnie zako\u0144czyli\u015bmy kolejny etap innowacji pedagogicznej \u2013ZIMA. Celem tej innowacji jest wspieranie wszechstronnego rozwoju dzieci poprze ruch, do\u015bwiadczenie i bezpo\u015bredni kontakt z przyrod\u0105. Zim\u0105&hellip;<\/p>\n","protected":false},"author":3,"featured_media":44994,"comment_status":"closed","ping_status":"closed","sticky":false,"template":"","format":"standard","meta":{"ngg_post_thumbnail":0,"footnotes":""},"categories":[1],"tags":[],"class_list":["post-44993","post","type-post","status-publish","format-standard","has-post-thumbnail","hentry","category-wiadomosci"],"_links":{"self":[{"href":"https:\/\/spgalew.brudzew.pl\/index.php?rest_route=\/wp\/v2\/posts\/44993","targetHints":{"allow":["GET"]}}],"collection":[{"href":"https:\/\/spgalew.brudzew.pl\/index.php?rest_route=\/wp\/v2\/posts"}],"about":[{"href":"https:\/\/spgalew.brudzew.pl\/index.php?rest_route=\/wp\/v2\/types\/post"}],"author":[{"embeddable":true,"href":"https:\/\/spgalew.brudzew.pl\/index.php?rest_route=\/wp\/v2\/users\/3"}],"replies":[{"embeddable":true,"href":"https:\/\/spgalew.brudzew.pl\/index.php?rest_route=%2Fwp%2Fv2%2Fcomments&post=44993"}],"version-history":[{"count":1,"href":"https:\/\/spgalew.brudzew.pl\/index.php?rest_route=\/wp\/v2\/posts\/44993\/revisions"}],"predecessor-version":[{"id":45058,"href":"https:\/\/spgalew.brudzew.pl\/index.php?rest_route=\/wp\/v2\/posts\/44993\/revisions\/45058"}],"wp:featuredmedia":[{"embeddable":true,"href":"https:\/\/spgalew.brudzew.pl\/index.php?rest_route=\/wp\/v2\/media\/44994"}],"wp:attachment":[{"href":"https:\/\/spgalew.brudzew.pl\/index.php?rest_route=%2Fwp%2Fv2%2Fmedia&parent=44993"}],"wp:term":[{"taxonomy":"category","embeddable":true,"href":"https:\/\/spgalew.brudzew.pl\/index.php?rest_route=%2Fwp%2Fv2%2Fcategories&post=44993"},{"taxonomy":"post_tag","embeddable":true,"href":"https:\/\/spgalew.brudzew.pl\/index.php?rest_route=%2Fwp%2Fv2%2Ftags&post=44993"}],"curies":[{"name":"wp","href":"https:\/\/api.w.org\/{rel}","templated":true}]}}