{"id":45082,"date":"2026-03-04T23:24:45","date_gmt":"2026-03-04T22:24:45","guid":{"rendered":"https:\/\/spgalew.brudzew.pl\/?p=45082"},"modified":"2026-03-10T23:27:52","modified_gmt":"2026-03-10T22:27:52","slug":"dzien-dinozaura-w-chrzablicach","status":"publish","type":"post","link":"https:\/\/spgalew.brudzew.pl\/?p=45082","title":{"rendered":"Dzie\u0144 Dinozaura w Chrz\u0105blicach"},"content":{"rendered":"<p>4 marca w naszym przedszkolu obchodzili\u015bmy wyj\u0105tkowy Dzie\u0144 Dinozaura, kt\u00f3ry dostarczy\u0142 dzieciom wielu rado\u015bci i ciekawych do\u015bwiadcze\u0144. Tego dnia dzieci przenios\u0142y si\u0119 do prehistorycznego \u015bwiata dinozaur\u00f3w. Przedszkolaki pozna\u0142y r\u00f3\u017cne gatunki dinozaur\u00f3w, ogl\u0105da\u0142y ksi\u0105\u017cki i ilustracje, a tak\u017ce uczestniczy\u0142y w zabawach ruchowych oraz edukacyjnych zwi\u0105zanych z tematyk\u0105 tych niezwyk\u0142ych stworze\u0144. Nie zabrak\u0142o r\u00f3wnie\u017c grupowej pracy plastycznej. Dzi\u0119ki takim zaj\u0119ciom dzieci mog\u0105 rozwija\u0107 swoj\u0105 ciekawo\u015b\u0107 \u015bwiata, wyobra\u017ani\u0119 oraz zdobywa\u0107 now\u0105 wiedz\u0119 w atrakcyjny spos\u00f3b.<\/p>\nngg_shortcode_0_placeholder\n","protected":false},"excerpt":{"rendered":"<p>4 marca w naszym przedszkolu obchodzili\u015bmy wyj\u0105tkowy Dzie\u0144 Dinozaura, kt\u00f3ry dostarczy\u0142 dzieciom wielu rado\u015bci i ciekawych do\u015bwiadcze\u0144. Tego dnia dzieci przenios\u0142y si\u0119 do prehistorycznego \u015bwiata&hellip;<\/p>\n","protected":false},"author":3,"featured_media":45083,"comment_status":"closed","ping_status":"closed","sticky":false,"template":"","format":"standard","meta":{"ngg_post_thumbnail":0,"footnotes":""},"categories":[1],"tags":[],"class_list":["post-45082","post","type-post","status-publish","format-standard","has-post-thumbnail","hentry","category-wiadomosci"],"_links":{"self":[{"href":"https:\/\/spgalew.brudzew.pl\/index.php?rest_route=\/wp\/v2\/posts\/45082","targetHints":{"allow":["GET"]}}],"collection":[{"href":"https:\/\/spgalew.brudzew.pl\/index.php?rest_route=\/wp\/v2\/posts"}],"about":[{"href":"https:\/\/spgalew.brudzew.pl\/index.php?rest_route=\/wp\/v2\/types\/post"}],"author":[{"embeddable":true,"href":"https:\/\/spgalew.brudzew.pl\/index.php?rest_route=\/wp\/v2\/users\/3"}],"replies":[{"embeddable":true,"href":"https:\/\/spgalew.brudzew.pl\/index.php?rest_route=%2Fwp%2Fv2%2Fcomments&post=45082"}],"version-history":[{"count":1,"href":"https:\/\/spgalew.brudzew.pl\/index.php?rest_route=\/wp\/v2\/posts\/45082\/revisions"}],"predecessor-version":[{"id":45118,"href":"https:\/\/spgalew.brudzew.pl\/index.php?rest_route=\/wp\/v2\/posts\/45082\/revisions\/45118"}],"wp:featuredmedia":[{"embeddable":true,"href":"https:\/\/spgalew.brudzew.pl\/index.php?rest_route=\/wp\/v2\/media\/45083"}],"wp:attachment":[{"href":"https:\/\/spgalew.brudzew.pl\/index.php?rest_route=%2Fwp%2Fv2%2Fmedia&parent=45082"}],"wp:term":[{"taxonomy":"category","embeddable":true,"href":"https:\/\/spgalew.brudzew.pl\/index.php?rest_route=%2Fwp%2Fv2%2Fcategories&post=45082"},{"taxonomy":"post_tag","embeddable":true,"href":"https:\/\/spgalew.brudzew.pl\/index.php?rest_route=%2Fwp%2Fv2%2Ftags&post=45082"}],"curies":[{"name":"wp","href":"https:\/\/api.w.org\/{rel}","templated":true}]}}