{"id":45307,"date":"2026-01-22T23:04:53","date_gmt":"2026-01-22T22:04:53","guid":{"rendered":"https:\/\/spgalew.brudzew.pl\/?p=45307"},"modified":"2026-03-18T23:07:42","modified_gmt":"2026-03-18T22:07:42","slug":"zimowe-pejzaze-konkurs-recytatorski","status":"publish","type":"post","link":"https:\/\/spgalew.brudzew.pl\/?p=45307","title":{"rendered":"Zimowe pejza\u017ce &#8211; konkurs recytatorski"},"content":{"rendered":"<p>Zima od wiek\u00f3w inspiruje poet\u00f3w swoim urokiem. To w\u0142a\u015bnie ta pora roku sta\u0142a si\u0119 motywem przewodnim szkolnego konkursu recytatorskiego dla uczni\u00f3w klas IV-VIII, kt\u00f3ry odby\u0142 si\u0119 &nbsp;21 stycznia 2026 r. pod has\u0142em Zimowe pejza\u017ce. Wydarzenie by\u0142o okazj\u0105 do zaprezentowania umiej\u0119tno\u015bci recytatorskich oraz interpretacji utwor\u00f3w poetyckich inspirowanych zim\u0105 i jej krajobrazami.<br \/>\nW konkursie wzi\u0119\u0142o udzia\u0142 10 uczni\u00f3w, kt\u00f3rzy deklamowali utwory poetyckie znanych polskich poet\u00f3w, m.in. Juliana Tuwima, Adama Asnyka, &nbsp;Marii Konopnickiej, D. Gellner. Recytacje ukazywa\u0142y pi\u0119kno zimowej przyrody, jej surowo\u015b\u0107 i magi\u0119.<br \/>\nLaureatami konkursu zostali: Natalia S\u0119k, Mi\u0142osz Drzewiecki oraz Micha\u0142 Gnatkowski. Przyznano r\u00f3wnie\u017c dwa wyr\u00f3\u017cnienia, kt\u00f3re otrzyma\u0142y Lena Drzewiecka i Kornelia Wodniczak.<br \/>\nSerdecznie dzi\u0119kujemy wszystkim m\u0142odym recytatorom, za\u015b zwyci\u0119zcom gratulujemy sukcesu!<\/p>\nngg_shortcode_0_placeholder\n","protected":false},"excerpt":{"rendered":"<p>Zima od wiek\u00f3w inspiruje poet\u00f3w swoim urokiem. To w\u0142a\u015bnie ta pora roku sta\u0142a si\u0119 motywem przewodnim szkolnego konkursu recytatorskiego dla uczni\u00f3w klas IV-VIII, kt\u00f3ry odby\u0142&hellip;<\/p>\n","protected":false},"author":3,"featured_media":45308,"comment_status":"closed","ping_status":"closed","sticky":false,"template":"","format":"standard","meta":{"ngg_post_thumbnail":0,"footnotes":""},"categories":[1],"tags":[],"class_list":["post-45307","post","type-post","status-publish","format-standard","has-post-thumbnail","hentry","category-wiadomosci"],"_links":{"self":[{"href":"https:\/\/spgalew.brudzew.pl\/index.php?rest_route=\/wp\/v2\/posts\/45307","targetHints":{"allow":["GET"]}}],"collection":[{"href":"https:\/\/spgalew.brudzew.pl\/index.php?rest_route=\/wp\/v2\/posts"}],"about":[{"href":"https:\/\/spgalew.brudzew.pl\/index.php?rest_route=\/wp\/v2\/types\/post"}],"author":[{"embeddable":true,"href":"https:\/\/spgalew.brudzew.pl\/index.php?rest_route=\/wp\/v2\/users\/3"}],"replies":[{"embeddable":true,"href":"https:\/\/spgalew.brudzew.pl\/index.php?rest_route=%2Fwp%2Fv2%2Fcomments&post=45307"}],"version-history":[{"count":1,"href":"https:\/\/spgalew.brudzew.pl\/index.php?rest_route=\/wp\/v2\/posts\/45307\/revisions"}],"predecessor-version":[{"id":45320,"href":"https:\/\/spgalew.brudzew.pl\/index.php?rest_route=\/wp\/v2\/posts\/45307\/revisions\/45320"}],"wp:featuredmedia":[{"embeddable":true,"href":"https:\/\/spgalew.brudzew.pl\/index.php?rest_route=\/wp\/v2\/media\/45308"}],"wp:attachment":[{"href":"https:\/\/spgalew.brudzew.pl\/index.php?rest_route=%2Fwp%2Fv2%2Fmedia&parent=45307"}],"wp:term":[{"taxonomy":"category","embeddable":true,"href":"https:\/\/spgalew.brudzew.pl\/index.php?rest_route=%2Fwp%2Fv2%2Fcategories&post=45307"},{"taxonomy":"post_tag","embeddable":true,"href":"https:\/\/spgalew.brudzew.pl\/index.php?rest_route=%2Fwp%2Fv2%2Ftags&post=45307"}],"curies":[{"name":"wp","href":"https:\/\/api.w.org\/{rel}","templated":true}]}}