{"id":46042,"date":"2026-04-26T23:10:22","date_gmt":"2026-04-26T21:10:22","guid":{"rendered":"https:\/\/spgalew.brudzew.pl\/?p=46042"},"modified":"2026-04-26T23:10:22","modified_gmt":"2026-04-26T21:10:22","slug":"drzwi-otwarte-w-zespole-szkol-technicznych-w-turku","status":"publish","type":"post","link":"https:\/\/spgalew.brudzew.pl\/?p=46042","title":{"rendered":"Drzwi Otwarte w Zespole Szk\u00f3\u0142 Technicznych w Turku"},"content":{"rendered":"<div class=\"xdj266r x14z9mp xat24cr x1lziwak x1vvkbs x126k92a\">\n<div dir=\"auto\">23 kwietnia uczniowie klasy VIII wybrali si\u0119 na \u201eDrzwi Otwarte\u201d do Zespo\u0142u Szk\u00f3\u0142 Technicznych w Turku. Czeka\u0142o tam na nich mn\u00f3stwo atrakcji: zwiedzanie sal lekcyjnych, pracowni specjalistycznych, prezentacje robot\u00f3w oraz pokazy w laboratoriach.<\/div>\n<\/div>\n<div class=\"x14z9mp xat24cr x1lziwak x1vvkbs xtlvy1s x126k92a\">\n<div dir=\"auto\">\u00d3smoklasi\u015bci mieli mo\u017cliwo\u015b\u0107 rozmowy z obecnymi uczniami oraz nauczycielami na temat r\u00f3\u017cnych kierunk\u00f3w kszta\u0142cenia oferowanych przez szko\u0142\u0119.<\/div>\n<div dir=\"auto\">ngg_shortcode_0_placeholder<\/div>\n<div dir=\"auto\">&nbsp;<\/div>\n<\/div>\n","protected":false},"excerpt":{"rendered":"<p>23 kwietnia uczniowie klasy VIII wybrali si\u0119 na \u201eDrzwi Otwarte\u201d do Zespo\u0142u Szk\u00f3\u0142 Technicznych w Turku. Czeka\u0142o tam na nich mn\u00f3stwo atrakcji: zwiedzanie sal lekcyjnych,&hellip;<\/p>\n","protected":false},"author":3,"featured_media":46043,"comment_status":"closed","ping_status":"closed","sticky":false,"template":"","format":"standard","meta":{"ngg_post_thumbnail":0,"footnotes":""},"categories":[1],"tags":[],"class_list":["post-46042","post","type-post","status-publish","format-standard","has-post-thumbnail","hentry","category-wiadomosci"],"_links":{"self":[{"href":"https:\/\/spgalew.brudzew.pl\/index.php?rest_route=\/wp\/v2\/posts\/46042","targetHints":{"allow":["GET"]}}],"collection":[{"href":"https:\/\/spgalew.brudzew.pl\/index.php?rest_route=\/wp\/v2\/posts"}],"about":[{"href":"https:\/\/spgalew.brudzew.pl\/index.php?rest_route=\/wp\/v2\/types\/post"}],"author":[{"embeddable":true,"href":"https:\/\/spgalew.brudzew.pl\/index.php?rest_route=\/wp\/v2\/users\/3"}],"replies":[{"embeddable":true,"href":"https:\/\/spgalew.brudzew.pl\/index.php?rest_route=%2Fwp%2Fv2%2Fcomments&post=46042"}],"version-history":[{"count":1,"href":"https:\/\/spgalew.brudzew.pl\/index.php?rest_route=\/wp\/v2\/posts\/46042\/revisions"}],"predecessor-version":[{"id":46060,"href":"https:\/\/spgalew.brudzew.pl\/index.php?rest_route=\/wp\/v2\/posts\/46042\/revisions\/46060"}],"wp:featuredmedia":[{"embeddable":true,"href":"https:\/\/spgalew.brudzew.pl\/index.php?rest_route=\/wp\/v2\/media\/46043"}],"wp:attachment":[{"href":"https:\/\/spgalew.brudzew.pl\/index.php?rest_route=%2Fwp%2Fv2%2Fmedia&parent=46042"}],"wp:term":[{"taxonomy":"category","embeddable":true,"href":"https:\/\/spgalew.brudzew.pl\/index.php?rest_route=%2Fwp%2Fv2%2Fcategories&post=46042"},{"taxonomy":"post_tag","embeddable":true,"href":"https:\/\/spgalew.brudzew.pl\/index.php?rest_route=%2Fwp%2Fv2%2Ftags&post=46042"}],"curies":[{"name":"wp","href":"https:\/\/api.w.org\/{rel}","templated":true}]}}