{"id":46061,"date":"2026-04-23T23:15:30","date_gmt":"2026-04-23T21:15:30","guid":{"rendered":"https:\/\/spgalew.brudzew.pl\/?p=46061"},"modified":"2026-04-26T23:18:42","modified_gmt":"2026-04-26T21:18:42","slug":"dzien-ziemi-w-przedszkolu-w-chrzablicach-3","status":"publish","type":"post","link":"https:\/\/spgalew.brudzew.pl\/?p=46061","title":{"rendered":"Dzie\u0144 Ziemi w przedszkolu w Chrz\u0105blicach"},"content":{"rendered":"<p>W naszym przedszkolu z okazji Dnia Ziemi odby\u0142o si\u0119 wyj\u0105tkowe spotkanie z Paniami<br \/>\nz Referatu Ochrony \u015arodowiska i Dzia\u0142alno\u015bci Gospodarczej Urz\u0119du Gminy Brudzew. Go\u015bcie przybli\u017cyli dzieciom jak dba\u0107 o nasz\u0105 planet\u0119 oraz dlaczego ochrona \u015brodowiska jest tak wa\u017cna w codziennym \u017cyciu. Przedszkolaki z du\u017cym zainteresowaniem uczestniczy\u0142y w zaj\u0119ciach praktycznych i aktywnie odpowiada\u0142y na pytania. Spotkanie by\u0142o cenn\u0105 lekcj\u0105, kt\u00f3re na d\u0142ugo pozostanie w pami\u0119ci dzieci i zach\u0119ci je do troski o nasz\u0105 Ziemi\u0119. Serdecznie dzi\u0119kujemy Paniom za po\u015bwi\u0119cony czas, zaanga\u017cowanie oraz ciekawe i inspiruj\u0105ce zaj\u0119cia.&nbsp;<\/p>\nngg_shortcode_0_placeholder\n","protected":false},"excerpt":{"rendered":"<p>W naszym przedszkolu z okazji Dnia Ziemi odby\u0142o si\u0119 wyj\u0105tkowe spotkanie z Paniami z Referatu Ochrony \u015arodowiska i Dzia\u0142alno\u015bci Gospodarczej Urz\u0119du Gminy Brudzew. Go\u015bcie przybli\u017cyli&hellip;<\/p>\n","protected":false},"author":3,"featured_media":46062,"comment_status":"closed","ping_status":"closed","sticky":false,"template":"","format":"standard","meta":{"ngg_post_thumbnail":0,"footnotes":""},"categories":[1],"tags":[],"class_list":["post-46061","post","type-post","status-publish","format-standard","has-post-thumbnail","hentry","category-wiadomosci"],"_links":{"self":[{"href":"https:\/\/spgalew.brudzew.pl\/index.php?rest_route=\/wp\/v2\/posts\/46061","targetHints":{"allow":["GET"]}}],"collection":[{"href":"https:\/\/spgalew.brudzew.pl\/index.php?rest_route=\/wp\/v2\/posts"}],"about":[{"href":"https:\/\/spgalew.brudzew.pl\/index.php?rest_route=\/wp\/v2\/types\/post"}],"author":[{"embeddable":true,"href":"https:\/\/spgalew.brudzew.pl\/index.php?rest_route=\/wp\/v2\/users\/3"}],"replies":[{"embeddable":true,"href":"https:\/\/spgalew.brudzew.pl\/index.php?rest_route=%2Fwp%2Fv2%2Fcomments&post=46061"}],"version-history":[{"count":1,"href":"https:\/\/spgalew.brudzew.pl\/index.php?rest_route=\/wp\/v2\/posts\/46061\/revisions"}],"predecessor-version":[{"id":46087,"href":"https:\/\/spgalew.brudzew.pl\/index.php?rest_route=\/wp\/v2\/posts\/46061\/revisions\/46087"}],"wp:featuredmedia":[{"embeddable":true,"href":"https:\/\/spgalew.brudzew.pl\/index.php?rest_route=\/wp\/v2\/media\/46062"}],"wp:attachment":[{"href":"https:\/\/spgalew.brudzew.pl\/index.php?rest_route=%2Fwp%2Fv2%2Fmedia&parent=46061"}],"wp:term":[{"taxonomy":"category","embeddable":true,"href":"https:\/\/spgalew.brudzew.pl\/index.php?rest_route=%2Fwp%2Fv2%2Fcategories&post=46061"},{"taxonomy":"post_tag","embeddable":true,"href":"https:\/\/spgalew.brudzew.pl\/index.php?rest_route=%2Fwp%2Fv2%2Ftags&post=46061"}],"curies":[{"name":"wp","href":"https:\/\/api.w.org\/{rel}","templated":true}]}}