{"id":9042,"date":"2022-12-21T14:37:44","date_gmt":"2022-12-21T13:37:44","guid":{"rendered":"https:\/\/spgalew.brudzew.pl\/?p=9042"},"modified":"2022-12-21T14:39:06","modified_gmt":"2022-12-21T13:39:06","slug":"wspolzawodnictwo-sportowe-szkol-powiatu-tureckiego","status":"publish","type":"post","link":"https:\/\/spgalew.brudzew.pl\/?p=9042","title":{"rendered":"WSP\u00d3\u0141ZAWODNICTWO SPORTOWE SZK\u00d3\u0141 POWIATU TURECKIEGO"},"content":{"rendered":"<p><span style=\"font-family: arial, helvetica, sans-serif;\">&nbsp; 20 grudnia 2022r. w auli Liceum Og\u00f3lnokszta\u0142c\u0105cego im.&nbsp; T. Ko\u015bciuszki w Turku odby\u0142o si\u0119 Podsumowanie Wsp\u00f3\u0142zawodnictwa Sportowego&nbsp; Szk\u00f3\u0142 Powiatu Tureckiego za rok 2021\/2022.<br \/>\n<\/span><span style=\"font-family: arial, helvetica, sans-serif;\">&nbsp; W kategorii Igrzyska Dzieci \u2013 szko\u0142y podstawowe &#8222;ma\u0142e\u201d klasy 1-6. Zaj\u0119li\u015bmy II miejsce <\/span><span style=\"font-family: arial, helvetica, sans-serif;\">i otrzymali\u015bmy puchar oraz czek na zakup sprz\u0119tu sportowego.<\/span><\/p>\n<p><span style=\"font-family: arial, helvetica, sans-serif;\">&nbsp; Wszystkim sportowcom gratulujemy!<\/span><\/p>\n<p style=\"text-align: right;\"><em><span style=\"font-family: arial, helvetica, sans-serif;\">M. Grzelak<\/span><\/em><\/p>\nngg_shortcode_0_placeholder\n","protected":false},"excerpt":{"rendered":"<p>&nbsp; 20 grudnia 2022r. w auli Liceum Og\u00f3lnokszta\u0142c\u0105cego im.&nbsp; T. Ko\u015bciuszki w Turku odby\u0142o si\u0119 Podsumowanie Wsp\u00f3\u0142zawodnictwa Sportowego&nbsp; Szk\u00f3\u0142 Powiatu Tureckiego za rok 2021\/2022. &nbsp;&hellip;<\/p>\n","protected":false},"author":3,"featured_media":9043,"comment_status":"closed","ping_status":"closed","sticky":false,"template":"","format":"standard","meta":{"ngg_post_thumbnail":0,"footnotes":""},"categories":[1],"tags":[],"class_list":["post-9042","post","type-post","status-publish","format-standard","has-post-thumbnail","hentry","category-wiadomosci"],"_links":{"self":[{"href":"https:\/\/spgalew.brudzew.pl\/index.php?rest_route=\/wp\/v2\/posts\/9042","targetHints":{"allow":["GET"]}}],"collection":[{"href":"https:\/\/spgalew.brudzew.pl\/index.php?rest_route=\/wp\/v2\/posts"}],"about":[{"href":"https:\/\/spgalew.brudzew.pl\/index.php?rest_route=\/wp\/v2\/types\/post"}],"author":[{"embeddable":true,"href":"https:\/\/spgalew.brudzew.pl\/index.php?rest_route=\/wp\/v2\/users\/3"}],"replies":[{"embeddable":true,"href":"https:\/\/spgalew.brudzew.pl\/index.php?rest_route=%2Fwp%2Fv2%2Fcomments&post=9042"}],"version-history":[{"count":2,"href":"https:\/\/spgalew.brudzew.pl\/index.php?rest_route=\/wp\/v2\/posts\/9042\/revisions"}],"predecessor-version":[{"id":9049,"href":"https:\/\/spgalew.brudzew.pl\/index.php?rest_route=\/wp\/v2\/posts\/9042\/revisions\/9049"}],"wp:featuredmedia":[{"embeddable":true,"href":"https:\/\/spgalew.brudzew.pl\/index.php?rest_route=\/wp\/v2\/media\/9043"}],"wp:attachment":[{"href":"https:\/\/spgalew.brudzew.pl\/index.php?rest_route=%2Fwp%2Fv2%2Fmedia&parent=9042"}],"wp:term":[{"taxonomy":"category","embeddable":true,"href":"https:\/\/spgalew.brudzew.pl\/index.php?rest_route=%2Fwp%2Fv2%2Fcategories&post=9042"},{"taxonomy":"post_tag","embeddable":true,"href":"https:\/\/spgalew.brudzew.pl\/index.php?rest_route=%2Fwp%2Fv2%2Ftags&post=9042"}],"curies":[{"name":"wp","href":"https:\/\/api.w.org\/{rel}","templated":true}]}}